{"id":6840,"date":"2026-04-23T08:36:53","date_gmt":"2026-04-23T08:36:53","guid":{"rendered":"https:\/\/bistro-balance.de\/?p=6840"},"modified":"2026-04-23T08:36:53","modified_gmt":"2026-04-23T08:36:53","slug":"12-07-2026-sommerfruehstueck-in-alfter","status":"publish","type":"post","link":"https:\/\/bistro-balance.de\/index.php\/2026\/04\/23\/12-07-2026-sommerfruehstueck-in-alfter\/","title":{"rendered":"12.07.2026 &#8211; Sommerfr\u00fchst\u00fcck in Alfter"},"content":{"rendered":"<p>F\u00fcr nur 24,90\u20ac pro Person ein k\u00f6stliches Fr\u00fchst\u00fccksbuffet genie\u00dfen.<\/p>\n<p>Wann? Am 12.07.2026 von 09:30-13:00 Uhr<\/p>\n<p>Wo? In Alfter<\/p>\n<p>Weitere Informationen folgen\u2026<\/p>\n","protected":false},"excerpt":{"rendered":"<p>F\u00fcr nur 24,90\u20ac pro Person ein k\u00f6stliches Fr\u00fchst\u00fccksbuffet genie\u00dfen. Wann? Am 12.07.2026 von 09:30-13:00 Uhr Wo? In Alfter Weitere Informationen folgen\u2026<\/p>\n","protected":false},"author":10,"featured_media":0,"comment_status":"closed","ping_status":"closed","sticky":false,"template":"","format":"standard","meta":{"footnotes":""},"categories":[56],"tags":[],"class_list":["post-6840","post","type-post","status-publish","format-standard","hentry","category-termine"],"_links":{"self":[{"href":"https:\/\/bistro-balance.de\/index.php\/wp-json\/wp\/v2\/posts\/6840","targetHints":{"allow":["GET"]}}],"collection":[{"href":"https:\/\/bistro-balance.de\/index.php\/wp-json\/wp\/v2\/posts"}],"about":[{"href":"https:\/\/bistro-balance.de\/index.php\/wp-json\/wp\/v2\/types\/post"}],"author":[{"embeddable":true,"href":"https:\/\/bistro-balance.de\/index.php\/wp-json\/wp\/v2\/users\/10"}],"replies":[{"embeddable":true,"href":"https:\/\/bistro-balance.de\/index.php\/wp-json\/wp\/v2\/comments?post=6840"}],"version-history":[{"count":1,"href":"https:\/\/bistro-balance.de\/index.php\/wp-json\/wp\/v2\/posts\/6840\/revisions"}],"predecessor-version":[{"id":6841,"href":"https:\/\/bistro-balance.de\/index.php\/wp-json\/wp\/v2\/posts\/6840\/revisions\/6841"}],"wp:attachment":[{"href":"https:\/\/bistro-balance.de\/index.php\/wp-json\/wp\/v2\/media?parent=6840"}],"wp:term":[{"taxonomy":"category","embeddable":true,"href":"https:\/\/bistro-balance.de\/index.php\/wp-json\/wp\/v2\/categories?post=6840"},{"taxonomy":"post_tag","embeddable":true,"href":"https:\/\/bistro-balance.de\/index.php\/wp-json\/wp\/v2\/tags?post=6840"}],"curies":[{"name":"wp","href":"https:\/\/api.w.org\/{rel}","templated":true}]}}