{"id":6545,"date":"2025-05-09T13:53:27","date_gmt":"2025-05-09T13:53:27","guid":{"rendered":"https:\/\/bistro-balance.de\/?p=6545"},"modified":"2025-06-23T05:52:41","modified_gmt":"2025-06-23T05:52:41","slug":"fruehlingsbuffet-21-06-2025","status":"publish","type":"post","link":"https:\/\/bistro-balance.de\/index.php\/2025\/05\/09\/fruehlingsbuffet-21-06-2025\/","title":{"rendered":"Fr\u00fchlingsbuffet &#8211; 21.06.2025"},"content":{"rendered":"<p>Willkommen zu unserem Fr\u00fchlingsbuffet!<\/p>\n<p>Wir laden euch herzlich ein, gemeinsam den Fr\u00fchling mit einem k\u00f6stlichen Buffet zu feiern. Am 21. Juni 2025 um 17:30 Uhr erwarten euch frische Spargelgerichte, saftige Erdbeeren und viele weitere saisonale Spezialit\u00e4ten. F\u00fcr nur 49,90 \u20ac pro Person k\u00f6nnt ihr einen genussvollen Abend in angenehmer Atmosph\u00e4re verbringen.<\/p>\n<p>Lasst euch dieses kulinarische Highlight nicht entgehen! Wir freuen uns auf euren Besuch und einen unvergesslichen Fr\u00fchlingsabend.<\/p>\n<p>Reserviert jetzt euren Platz und erlebt einen genussvollen Start in die warme Jahreszeit!<\/p>\n<p>&nbsp;<\/p>\n<p><img loading=\"lazy\" decoding=\"async\" class=\"alignnone wp-image-6543\" src=\"https:\/\/bistro-balance.de\/wp-content\/uploads\/2025\/05\/Fruehlings-Fruehstuecksbuffet-1080x1350-1-240x300.png\" alt=\"\" width=\"538\" height=\"673\" srcset=\"https:\/\/bistro-balance.de\/wp-content\/uploads\/2025\/05\/Fruehlings-Fruehstuecksbuffet-1080x1350-1-240x300.png 240w, https:\/\/bistro-balance.de\/wp-content\/uploads\/2025\/05\/Fruehlings-Fruehstuecksbuffet-1080x1350-1-819x1024.png 819w, https:\/\/bistro-balance.de\/wp-content\/uploads\/2025\/05\/Fruehlings-Fruehstuecksbuffet-1080x1350-1-768x960.png 768w, https:\/\/bistro-balance.de\/wp-content\/uploads\/2025\/05\/Fruehlings-Fruehstuecksbuffet-1080x1350-1.png 1080w\" sizes=\"auto, (max-width: 538px) 100vw, 538px\" \/><\/p>\n","protected":false},"excerpt":{"rendered":"<p>Willkommen zu unserem Fr\u00fchlingsbuffet! Wir laden euch herzlich ein, gemeinsam den Fr\u00fchling mit einem k\u00f6stlichen Buffet zu feiern. Am 21. Juni 2025 um 17:30 Uhr erwarten euch frische Spargelgerichte, saftige Erdbeeren und viele weitere saisonale Spezialit\u00e4ten. F\u00fcr nur 49,90 \u20ac pro Person k\u00f6nnt ihr einen genussvollen Abend in angenehmer Atmosph\u00e4re verbringen. Lasst euch dieses kulinarische &hellip; <a href=\"https:\/\/bistro-balance.de\/index.php\/2025\/05\/09\/fruehlingsbuffet-21-06-2025\/\" class=\"more-link\">Continue reading <span class=\"screen-reader-text\">Fr\u00fchlingsbuffet &#8211; 21.06.2025<\/span><\/a><\/p>\n","protected":false},"author":10,"featured_media":0,"comment_status":"closed","ping_status":"closed","sticky":false,"template":"","format":"standard","meta":{"footnotes":""},"categories":[1],"tags":[],"class_list":["post-6545","post","type-post","status-publish","format-standard","hentry","category-uncategorized"],"_links":{"self":[{"href":"https:\/\/bistro-balance.de\/index.php\/wp-json\/wp\/v2\/posts\/6545","targetHints":{"allow":["GET"]}}],"collection":[{"href":"https:\/\/bistro-balance.de\/index.php\/wp-json\/wp\/v2\/posts"}],"about":[{"href":"https:\/\/bistro-balance.de\/index.php\/wp-json\/wp\/v2\/types\/post"}],"author":[{"embeddable":true,"href":"https:\/\/bistro-balance.de\/index.php\/wp-json\/wp\/v2\/users\/10"}],"replies":[{"embeddable":true,"href":"https:\/\/bistro-balance.de\/index.php\/wp-json\/wp\/v2\/comments?post=6545"}],"version-history":[{"count":1,"href":"https:\/\/bistro-balance.de\/index.php\/wp-json\/wp\/v2\/posts\/6545\/revisions"}],"predecessor-version":[{"id":6546,"href":"https:\/\/bistro-balance.de\/index.php\/wp-json\/wp\/v2\/posts\/6545\/revisions\/6546"}],"wp:attachment":[{"href":"https:\/\/bistro-balance.de\/index.php\/wp-json\/wp\/v2\/media?parent=6545"}],"wp:term":[{"taxonomy":"category","embeddable":true,"href":"https:\/\/bistro-balance.de\/index.php\/wp-json\/wp\/v2\/categories?post=6545"},{"taxonomy":"post_tag","embeddable":true,"href":"https:\/\/bistro-balance.de\/index.php\/wp-json\/wp\/v2\/tags?post=6545"}],"curies":[{"name":"wp","href":"https:\/\/api.w.org\/{rel}","templated":true}]}}